{"id":894,"date":"2025-03-04T22:49:00","date_gmt":"2025-03-04T21:49:00","guid":{"rendered":"http:\/\/www.muzzanamatoritartufi.it\/public\/wordpress\/?p=894"},"modified":"2025-03-06T07:47:08","modified_gmt":"2025-03-06T06:47:08","slug":"trifule-in-fieste-2024-un-ritorno-atteso-ed-un-successo-condiviso","status":"publish","type":"post","link":"http:\/\/www.muzzanamatoritartufi.it\/public\/wordpress\/?p=894","title":{"rendered":"TRIFULE IN FIESTE 2024: UN RITORNO ATTESO ED UN SUCCESSO CONDIVISO"},"content":{"rendered":"<p><a href=\"http:\/\/www.muzzanamatoritartufi.it\/public\/wordpress\/wp-content\/uploads\/2025\/03\/inaugurazione-Genziana-Copia-da-NEF-a-JPG.jpeg\"><img decoding=\"async\" loading=\"lazy\" class=\"alignnone size-medium wp-image-931\" src=\"http:\/\/www.muzzanamatoritartufi.it\/public\/wordpress\/wp-content\/uploads\/2025\/03\/inaugurazione-Genziana-Copia-da-NEF-a-JPG-300x199.jpeg\" alt=\"\" width=\"300\" height=\"199\" srcset=\"http:\/\/www.muzzanamatoritartufi.it\/public\/wordpress\/wp-content\/uploads\/2025\/03\/inaugurazione-Genziana-Copia-da-NEF-a-JPG-300x199.jpeg 300w, http:\/\/www.muzzanamatoritartufi.it\/public\/wordpress\/wp-content\/uploads\/2025\/03\/inaugurazione-Genziana-Copia-da-NEF-a-JPG-768x510.jpeg 768w, http:\/\/www.muzzanamatoritartufi.it\/public\/wordpress\/wp-content\/uploads\/2025\/03\/inaugurazione-Genziana-Copia-da-NEF-a-JPG-624x414.jpeg 624w, http:\/\/www.muzzanamatoritartufi.it\/public\/wordpress\/wp-content\/uploads\/2025\/03\/inaugurazione-Genziana-Copia-da-NEF-a-JPG.jpeg 1024w\" sizes=\"(max-width: 300px) 100vw, 300px\" \/><\/a><\/p>\n<p style=\"text-align: justify;\"><span style=\"font-size: 12pt;\">A distanza di alcuni mesi dalla conclusione di &#8220;Trifule in Fieste&#8221;, possiamo finalmente tirare le somme di un evento che ha segnato il ritorno, dopo cinque anni di pausa, della grande festa dedicata al tartufo di Muzzana del Turgnano. Un\u2019edizione speciale, che ha riportato l\u2019entusiasmo, il profumo e il gusto inconfondibile di questo prezioso frutto della terra al centro della scena, celebrando la rinascita di un appuntamento ormai diventato una tradizione muzzanese.<\/span><\/p>\n<pre style=\"text-align: justify;\"><span style=\"font-size: 12pt;\">  <a href=\"http:\/\/www.muzzanamatoritartufi.it\/public\/wordpress\/wp-content\/uploads\/2025\/03\/pranzo-domenica-1.jpg\"><img decoding=\"async\" loading=\"lazy\" class=\"alignnone size-medium wp-image-900\" src=\"http:\/\/www.muzzanamatoritartufi.it\/public\/wordpress\/wp-content\/uploads\/2025\/03\/pranzo-domenica-1-300x200.jpg\" alt=\"\" width=\"300\" height=\"200\" srcset=\"http:\/\/www.muzzanamatoritartufi.it\/public\/wordpress\/wp-content\/uploads\/2025\/03\/pranzo-domenica-1-300x200.jpg 300w, http:\/\/www.muzzanamatoritartufi.it\/public\/wordpress\/wp-content\/uploads\/2025\/03\/pranzo-domenica-1-768x512.jpg 768w, http:\/\/www.muzzanamatoritartufi.it\/public\/wordpress\/wp-content\/uploads\/2025\/03\/pranzo-domenica-1-624x416.jpg 624w, http:\/\/www.muzzanamatoritartufi.it\/public\/wordpress\/wp-content\/uploads\/2025\/03\/pranzo-domenica-1.jpg 1024w\" sizes=\"(max-width: 300px) 100vw, 300px\" \/><\/a>\u00a0\u00a0\u00a0 <a href=\"http:\/\/www.muzzanamatoritartufi.it\/public\/wordpress\/wp-content\/uploads\/2025\/03\/pranzo-domenica-2.jpg\"><img decoding=\"async\" loading=\"lazy\" class=\"alignnone size-medium wp-image-901\" src=\"http:\/\/www.muzzanamatoritartufi.it\/public\/wordpress\/wp-content\/uploads\/2025\/03\/pranzo-domenica-2-300x200.jpg\" alt=\"\" width=\"300\" height=\"200\" srcset=\"http:\/\/www.muzzanamatoritartufi.it\/public\/wordpress\/wp-content\/uploads\/2025\/03\/pranzo-domenica-2-300x200.jpg 300w, http:\/\/www.muzzanamatoritartufi.it\/public\/wordpress\/wp-content\/uploads\/2025\/03\/pranzo-domenica-2-768x512.jpg 768w, http:\/\/www.muzzanamatoritartufi.it\/public\/wordpress\/wp-content\/uploads\/2025\/03\/pranzo-domenica-2-624x416.jpg 624w, http:\/\/www.muzzanamatoritartufi.it\/public\/wordpress\/wp-content\/uploads\/2025\/03\/pranzo-domenica-2.jpg 1024w\" sizes=\"(max-width: 300px) 100vw, 300px\" \/><\/a>\u00a0 <\/span><\/pre>\n<p style=\"text-align: justify;\"><span style=\"font-size: 12pt;\">Non \u00e8 stato un percorso semplice. Dopo l\u2019ultima edizione, che aveva festeggiato il decennale della manifestazione, l\u2019Associazione Tartufi Muzzana si \u00e8 trovata di fronte a una sfida complessa: riprendere un evento di tale portata richiedeva risorse, energia e, soprattutto, il coraggio di affrontare un impegno organizzativo non indifferente. \u00c8 stato proprio grazie al fondamentale sostegno dell\u2019Amministrazione comunale che abbiamo trovato la forza di riportare in vita la nostra festa, con la determinazione di renderla ancora pi\u00f9 speciale.<\/span><\/p>\n<p style=\"text-align: justify;\"><span style=\"font-size: 12pt;\">Tra le difficolt\u00e0 maggiori affrontate, per\u00f2, vi \u00e8 stata la scarsa disponibilit\u00e0 di tartufo. L\u2019autunno del 2024 verr\u00e0 ricordato come una delle stagioni pi\u00f9 povere in termini di raccolta, con una produzione ridotta rispetto agli anni precedenti. Nonostante questo ostacolo, la festa ha saputo valorizzare al meglio il prezioso fungo ipogeo, dimostrando ancora una volta quanto sia centrale nella cultura e nell\u2019enogastronomia del nostro territorio.<\/span><\/p>\n<div style=\"width: 610px;\" class=\"wp-video\"><!--[if lt IE 9]><script>document.createElement('video');<\/script><![endif]-->\n<video class=\"wp-video-shortcode\" id=\"video-894-1\" width=\"610\" height=\"480\" preload=\"metadata\" controls=\"controls\"><source type=\"video\/mp4\" src=\"http:\/\/www.muzzanamatoritartufi.it\/public\/wordpress\/wp-content\/uploads\/2025\/03\/VID-20241126-WA00262.mp4?_=1\" \/><a href=\"http:\/\/www.muzzanamatoritartufi.it\/public\/wordpress\/wp-content\/uploads\/2025\/03\/VID-20241126-WA00262.mp4\">http:\/\/www.muzzanamatoritartufi.it\/public\/wordpress\/wp-content\/uploads\/2025\/03\/VID-20241126-WA00262.mp4<\/a><\/video><\/div>\n<p style=\"text-align: justify;\"><span style=\"font-size: 12pt;\">Il riscontro del pubblico ha superato ogni aspettativa: visitatori, appassionati di enogastronomia e turisti hanno risposto con entusiasmo, confermando quanto &#8220;Trifule in Fieste&#8221; sia un appuntamento atteso e apprezzato.<\/span><\/p>\n<p>&nbsp;<\/p>\n<p style=\"text-align: justify;\"><span style=\"font-size: 12pt;\">\u00a0I due stand <a href=\"http:\/\/www.muzzanamatoritartufi.it\/public\/wordpress\/wp-content\/uploads\/2025\/03\/DSC_0285.jpg\"><img decoding=\"async\" loading=\"lazy\" class=\"size-medium wp-image-906 alignleft\" src=\"http:\/\/www.muzzanamatoritartufi.it\/public\/wordpress\/wp-content\/uploads\/2025\/03\/DSC_0285-300x200.jpg\" alt=\"\" width=\"300\" height=\"200\" srcset=\"http:\/\/www.muzzanamatoritartufi.it\/public\/wordpress\/wp-content\/uploads\/2025\/03\/DSC_0285-300x200.jpg 300w, http:\/\/www.muzzanamatoritartufi.it\/public\/wordpress\/wp-content\/uploads\/2025\/03\/DSC_0285-768x512.jpg 768w, http:\/\/www.muzzanamatoritartufi.it\/public\/wordpress\/wp-content\/uploads\/2025\/03\/DSC_0285-624x416.jpg 624w, http:\/\/www.muzzanamatoritartufi.it\/public\/wordpress\/wp-content\/uploads\/2025\/03\/DSC_0285.jpg 1024w\" sizes=\"(max-width: 300px) 100vw, 300px\" \/><\/a>gastronomici hanno offerto il meglio della tradizione locale: il primo con piatti tipici della cucina del territorio, il secondo con specialit\u00e0 a base di tartufo di Muzzana in ogni declinazione.<\/span><\/p>\n<p>&nbsp;<\/p>\n<p style=\"text-align: justify;\"><span style=\"font-size: 12pt;\">Nel frattempo, l\u2019escursione nel bellissimo bosco, con la dimostrazione della ricerca del prezioso fungo ipogeo, ha affascinato grandi e piccoli \u00a0risvegliando curiosit\u00e0 e amore per la natura. <\/span><\/p>\n<p><a href=\"http:\/\/www.muzzanamatoritartufi.it\/public\/wordpress\/wp-content\/uploads\/2025\/03\/cerca-telef.jpg\"><img decoding=\"async\" loading=\"lazy\" class=\"alignnone size-medium wp-image-896\" src=\"http:\/\/www.muzzanamatoritartufi.it\/public\/wordpress\/wp-content\/uploads\/2025\/03\/cerca-telef-300x200.jpg\" alt=\"\" width=\"300\" height=\"200\" srcset=\"http:\/\/www.muzzanamatoritartufi.it\/public\/wordpress\/wp-content\/uploads\/2025\/03\/cerca-telef-300x200.jpg 300w, http:\/\/www.muzzanamatoritartufi.it\/public\/wordpress\/wp-content\/uploads\/2025\/03\/cerca-telef-768x512.jpg 768w, http:\/\/www.muzzanamatoritartufi.it\/public\/wordpress\/wp-content\/uploads\/2025\/03\/cerca-telef-624x416.jpg 624w, http:\/\/www.muzzanamatoritartufi.it\/public\/wordpress\/wp-content\/uploads\/2025\/03\/cerca-telef.jpg 1024w\" sizes=\"(max-width: 300px) 100vw, 300px\" \/><\/a> <a href=\"http:\/\/www.muzzanamatoritartufi.it\/public\/wordpress\/wp-content\/uploads\/2025\/03\/DSC_0259.jpg\"><img decoding=\"async\" loading=\"lazy\" class=\"alignnone size-medium wp-image-895\" src=\"http:\/\/www.muzzanamatoritartufi.it\/public\/wordpress\/wp-content\/uploads\/2025\/03\/DSC_0259-300x200.jpg\" alt=\"\" width=\"300\" height=\"200\" srcset=\"http:\/\/www.muzzanamatoritartufi.it\/public\/wordpress\/wp-content\/uploads\/2025\/03\/DSC_0259-300x200.jpg 300w, http:\/\/www.muzzanamatoritartufi.it\/public\/wordpress\/wp-content\/uploads\/2025\/03\/DSC_0259-768x512.jpg 768w, http:\/\/www.muzzanamatoritartufi.it\/public\/wordpress\/wp-content\/uploads\/2025\/03\/DSC_0259-624x416.jpg 624w, http:\/\/www.muzzanamatoritartufi.it\/public\/wordpress\/wp-content\/uploads\/2025\/03\/DSC_0259.jpg 1024w\" sizes=\"(max-width: 300px) 100vw, 300px\" \/><\/a><\/p>\n<p><a href=\"http:\/\/www.muzzanamatoritartufi.it\/public\/wordpress\/wp-content\/uploads\/2025\/03\/cerrca-gruppo-nel-bosco.jpg\"><img decoding=\"async\" loading=\"lazy\" class=\"alignnone size-medium wp-image-897\" src=\"http:\/\/www.muzzanamatoritartufi.it\/public\/wordpress\/wp-content\/uploads\/2025\/03\/cerrca-gruppo-nel-bosco-300x200.jpg\" alt=\"\" width=\"300\" height=\"200\" srcset=\"http:\/\/www.muzzanamatoritartufi.it\/public\/wordpress\/wp-content\/uploads\/2025\/03\/cerrca-gruppo-nel-bosco-300x200.jpg 300w, http:\/\/www.muzzanamatoritartufi.it\/public\/wordpress\/wp-content\/uploads\/2025\/03\/cerrca-gruppo-nel-bosco-768x512.jpg 768w, http:\/\/www.muzzanamatoritartufi.it\/public\/wordpress\/wp-content\/uploads\/2025\/03\/cerrca-gruppo-nel-bosco-624x416.jpg 624w, http:\/\/www.muzzanamatoritartufi.it\/public\/wordpress\/wp-content\/uploads\/2025\/03\/cerrca-gruppo-nel-bosco.jpg 1024w\" sizes=\"(max-width: 300px) 100vw, 300px\" \/> <\/a><a href=\"http:\/\/www.muzzanamatoritartufi.it\/public\/wordpress\/wp-content\/uploads\/2025\/03\/DSC_0267.jpg\"><img decoding=\"async\" loading=\"lazy\" class=\"alignnone size-medium wp-image-914\" src=\"http:\/\/www.muzzanamatoritartufi.it\/public\/wordpress\/wp-content\/uploads\/2025\/03\/DSC_0267-300x200.jpg\" alt=\"\" width=\"300\" height=\"200\" srcset=\"http:\/\/www.muzzanamatoritartufi.it\/public\/wordpress\/wp-content\/uploads\/2025\/03\/DSC_0267-300x200.jpg 300w, http:\/\/www.muzzanamatoritartufi.it\/public\/wordpress\/wp-content\/uploads\/2025\/03\/DSC_0267-768x512.jpg 768w, http:\/\/www.muzzanamatoritartufi.it\/public\/wordpress\/wp-content\/uploads\/2025\/03\/DSC_0267-624x416.jpg 624w, http:\/\/www.muzzanamatoritartufi.it\/public\/wordpress\/wp-content\/uploads\/2025\/03\/DSC_0267.jpg 1024w\" sizes=\"(max-width: 300px) 100vw, 300px\" \/><\/a><\/p>\n<p>&nbsp;<\/p>\n<p style=\"text-align: justify;\"><span style=\"font-size: 12pt;\">Lungo le strade del paese, ben 32 espositori tra hobbisti, associazioni e commercianti hanno animato la festa, offrendo ai visitatori un\u2019ampia variet\u00e0 di prodotti artigianali, gastronomici e locali.<\/span><\/p>\n<p><a href=\"http:\/\/www.muzzanamatoritartufi.it\/public\/wordpress\/wp-content\/uploads\/2025\/03\/IMG_20241124_162449092_HDR.jpg\"><img decoding=\"async\" loading=\"lazy\" class=\"alignnone size-medium wp-image-917\" src=\"http:\/\/www.muzzanamatoritartufi.it\/public\/wordpress\/wp-content\/uploads\/2025\/03\/IMG_20241124_162449092_HDR-300x222.jpg\" alt=\"\" width=\"300\" height=\"222\" srcset=\"http:\/\/www.muzzanamatoritartufi.it\/public\/wordpress\/wp-content\/uploads\/2025\/03\/IMG_20241124_162449092_HDR-300x222.jpg 300w, http:\/\/www.muzzanamatoritartufi.it\/public\/wordpress\/wp-content\/uploads\/2025\/03\/IMG_20241124_162449092_HDR-768x569.jpg 768w, http:\/\/www.muzzanamatoritartufi.it\/public\/wordpress\/wp-content\/uploads\/2025\/03\/IMG_20241124_162449092_HDR-624x463.jpg 624w, http:\/\/www.muzzanamatoritartufi.it\/public\/wordpress\/wp-content\/uploads\/2025\/03\/IMG_20241124_162449092_HDR.jpg 1024w\" sizes=\"(max-width: 300px) 100vw, 300px\" \/> <\/a><a href=\"http:\/\/www.muzzanamatoritartufi.it\/public\/wordpress\/wp-content\/uploads\/2025\/03\/IMG_20241124_161947505_HDR-e1741134985680.jpg\"><img decoding=\"async\" loading=\"lazy\" class=\"alignnone size-medium wp-image-918\" src=\"http:\/\/www.muzzanamatoritartufi.it\/public\/wordpress\/wp-content\/uploads\/2025\/03\/IMG_20241124_161947505_HDR-e1741134985680-224x300.jpg\" alt=\"\" width=\"224\" height=\"300\" srcset=\"http:\/\/www.muzzanamatoritartufi.it\/public\/wordpress\/wp-content\/uploads\/2025\/03\/IMG_20241124_161947505_HDR-e1741134985680-224x300.jpg 224w, http:\/\/www.muzzanamatoritartufi.it\/public\/wordpress\/wp-content\/uploads\/2025\/03\/IMG_20241124_161947505_HDR-e1741134985680-624x834.jpg 624w, http:\/\/www.muzzanamatoritartufi.it\/public\/wordpress\/wp-content\/uploads\/2025\/03\/IMG_20241124_161947505_HDR-e1741134985680.jpg 766w\" sizes=\"(max-width: 224px) 100vw, 224px\" \/><\/a><\/p>\n<p style=\"text-align: justify;\"><span style=\"font-size: 12pt;\">Un\u2019attrazione speciale \u00e8 stata l\u2019asta del tartufo, svoltasi nel pomeriggio del sabato, che ha raccolto fondi significativi destinati all\u2019associazione &#8220;Il Sorriso di Giulia&#8221;, impegnata nel sostegno dell\u2019Area Giovani del CRO di Aviano. Un momento di grande solidariet\u00e0, che ha dato ulteriore valore alla manifestazione.<\/span><\/p>\n<p style=\"text-align: justify;\"><span style=\"font-size: 12pt;\">Un plauso particolare va a tutti i volontari che hanno contribuito al successo della manifestazione. Senza la loro dedizione e il loro instancabile lavoro, &#8220;Trifule in Fieste&#8221; non sarebbe stato possibile. Questa edizione ha dimostrato che la passione e lo spirito di comunit\u00e0 sono le vere radici su cui si fonda l\u2019Associazione Tartufi Muzzana.<\/span><\/p>\n<p style=\"text-align: justify;\"><span style=\"font-size: 12pt;\">Guardando al futuro, possiamo dire con certezza che il cammino tracciato \u00e8 quello giusto. Il successo di questa ripresa ci spinge a pensare gi\u00e0 alla prossima edizione, con l\u2019obiettivo di consolidare ulteriormente la manifestazione e continuare a promuovere il tartufo di Muzzana come eccellenza del nostro territorio.<\/span><\/p>\n<p><a href=\"http:\/\/www.muzzanamatoritartufi.it\/public\/wordpress\/wp-content\/uploads\/2025\/03\/ristorante-1-vuoto-e1741135053776.jpg\"><img decoding=\"async\" loading=\"lazy\" class=\"alignnone size-medium wp-image-902\" src=\"http:\/\/www.muzzanamatoritartufi.it\/public\/wordpress\/wp-content\/uploads\/2025\/03\/ristorante-1-vuoto-e1741135053776-225x300.jpg\" alt=\"\" width=\"225\" height=\"300\" srcset=\"http:\/\/www.muzzanamatoritartufi.it\/public\/wordpress\/wp-content\/uploads\/2025\/03\/ristorante-1-vuoto-e1741135053776-225x300.jpg 225w, http:\/\/www.muzzanamatoritartufi.it\/public\/wordpress\/wp-content\/uploads\/2025\/03\/ristorante-1-vuoto-e1741135053776-624x832.jpg 624w, http:\/\/www.muzzanamatoritartufi.it\/public\/wordpress\/wp-content\/uploads\/2025\/03\/ristorante-1-vuoto-e1741135053776.jpg 768w\" sizes=\"(max-width: 225px) 100vw, 225px\" \/><\/a><a href=\"http:\/\/www.muzzanamatoritartufi.it\/public\/wordpress\/wp-content\/uploads\/2024\/11\/menu-tartufo.jpeg\"><img decoding=\"async\" loading=\"lazy\" class=\"alignnone size-medium wp-image-884\" src=\"http:\/\/www.muzzanamatoritartufi.it\/public\/wordpress\/wp-content\/uploads\/2024\/11\/menu-tartufo-217x300.jpeg\" alt=\"\" width=\"217\" height=\"300\" srcset=\"http:\/\/www.muzzanamatoritartufi.it\/public\/wordpress\/wp-content\/uploads\/2024\/11\/menu-tartufo-217x300.jpeg 217w, http:\/\/www.muzzanamatoritartufi.it\/public\/wordpress\/wp-content\/uploads\/2024\/11\/menu-tartufo-624x862.jpeg 624w, http:\/\/www.muzzanamatoritartufi.it\/public\/wordpress\/wp-content\/uploads\/2024\/11\/menu-tartufo.jpeg 741w\" sizes=\"(max-width: 217px) 100vw, 217px\" \/><\/a><\/p>\n<p style=\"text-align: justify;\"><span style=\"font-size: 12pt;\">Grazie a tutti coloro che hanno creduto in questo progetto e lo hanno reso realt\u00e0.<\/span><\/p>\n<p style=\"text-align: justify;\"><span style=\"font-size: 12pt;\">&#8220;Trifule in Fieste&#8221; \u00e8 tornata, e con essa la voglia di celebrare le nostre tradizioni con la stessa passione di sempre.<\/span><\/p>\n<p style=\"text-align: justify;\"><a href=\"http:\/\/www.muzzanamatoritartufi.it\/public\/wordpress\/wp-content\/uploads\/2024\/03\/logo-2-tartufo.jpg\"><img decoding=\"async\" loading=\"lazy\" class=\"alignnone size-full wp-image-857\" src=\"http:\/\/www.muzzanamatoritartufi.it\/public\/wordpress\/wp-content\/uploads\/2024\/03\/logo-2-tartufo.jpg\" alt=\"\" width=\"193\" height=\"172\" \/><\/a><\/p>\n","protected":false},"excerpt":{"rendered":"<p>A distanza di alcuni mesi dalla conclusione di &#8220;Trifule in Fieste&#8221;, possiamo finalmente tirare le somme di un evento che ha segnato il ritorno, dopo cinque anni di pausa, della grande festa dedicata al tartufo di Muzzana del Turgnano. Un\u2019edizione speciale, che ha riportato l\u2019entusiasmo, il profumo e il gusto inconfondibile di questo prezioso frutto [&hellip;]<\/p>\n","protected":false},"author":3,"featured_media":0,"comment_status":"closed","ping_status":"closed","sticky":false,"template":"","format":"standard","meta":[],"categories":[3],"tags":[31,28],"_links":{"self":[{"href":"http:\/\/www.muzzanamatoritartufi.it\/public\/wordpress\/index.php?rest_route=\/wp\/v2\/posts\/894"}],"collection":[{"href":"http:\/\/www.muzzanamatoritartufi.it\/public\/wordpress\/index.php?rest_route=\/wp\/v2\/posts"}],"about":[{"href":"http:\/\/www.muzzanamatoritartufi.it\/public\/wordpress\/index.php?rest_route=\/wp\/v2\/types\/post"}],"author":[{"embeddable":true,"href":"http:\/\/www.muzzanamatoritartufi.it\/public\/wordpress\/index.php?rest_route=\/wp\/v2\/users\/3"}],"replies":[{"embeddable":true,"href":"http:\/\/www.muzzanamatoritartufi.it\/public\/wordpress\/index.php?rest_route=%2Fwp%2Fv2%2Fcomments&post=894"}],"version-history":[{"count":9,"href":"http:\/\/www.muzzanamatoritartufi.it\/public\/wordpress\/index.php?rest_route=\/wp\/v2\/posts\/894\/revisions"}],"predecessor-version":[{"id":913,"href":"http:\/\/www.muzzanamatoritartufi.it\/public\/wordpress\/index.php?rest_route=\/wp\/v2\/posts\/894\/revisions\/913"}],"wp:attachment":[{"href":"http:\/\/www.muzzanamatoritartufi.it\/public\/wordpress\/index.php?rest_route=%2Fwp%2Fv2%2Fmedia&parent=894"}],"wp:term":[{"taxonomy":"category","embeddable":true,"href":"http:\/\/www.muzzanamatoritartufi.it\/public\/wordpress\/index.php?rest_route=%2Fwp%2Fv2%2Fcategories&post=894"},{"taxonomy":"post_tag","embeddable":true,"href":"http:\/\/www.muzzanamatoritartufi.it\/public\/wordpress\/index.php?rest_route=%2Fwp%2Fv2%2Ftags&post=894"}],"curies":[{"name":"wp","href":"https:\/\/api.w.org\/{rel}","templated":true}]}}